{"id":323,"date":"2019-05-19T12:31:12","date_gmt":"2019-05-19T10:31:12","guid":{"rendered":"https:\/\/dallealpialleande.it\/?p=323"},"modified":"2020-01-11T20:46:18","modified_gmt":"2020-01-11T19:46:18","slug":"dal-lario-alle-ande-emigranti-da-museo-lordine-19-05-2019","status":"publish","type":"post","link":"https:\/\/dallealpialleande.it\/es\/dal-lario-alle-ande-emigranti-da-museo-lordine-19-05-2019\/","title":{"rendered":"DEL LARIO AL MUSEO EMIGRANTES La Orden 19-05-2019"},"content":{"rendered":"<p>[et_pb_section fb_built=&#8221;1&#8243; _builder_version=&#8221;4.0.9&#8243; width=&#8221;100%&#8221; max_width=&#8221;100%&#8221;][et_pb_row column_structure=&#8221;3_4,1_4&#8243; use_custom_gutter=&#8221;on&#8221; _builder_version=&#8221;4.0.11&#8243; width=&#8221;90%&#8221; max_width=&#8221;100%&#8221; module_alignment=&#8221;right&#8221;][et_pb_column type=&#8221;3_4&#8243; _builder_version=&#8221;4.0.9&#8243;][et_pb_code _builder_version=&#8221;4.0.11&#8243; hover_enabled=&#8221;0&#8243;]\n\t\t<div class=\"wppdfemb-frame-container-1\" style=\"-webkit-overflow-scrolling:auto;\">\n\t\t\t<iframe class=\"pdfembed-iframe nonfullscreen wppdf-emb-iframe-1\"\n\t\t\t\tsrc=\"https:\/\/dallealpialleande.it\/es\/?pdfemb-data=eyJ1cmwiOiJodHRwczpcL1wvZGFsbGVhbHBpYWxsZWFuZGUuaXRcL3dwLWNvbnRlbnRcL3VwbG9hZHNcLzIwMjBcLzAxXC9EQUwtTEFSSU8tQUxMRS1BTkRFLUVNSUdSQU5USS1EQS1NVVNFTy1MT3JkaW5lLTE5LTA1LTIwMTkucGRmIiwidGl0bGUiOiJEQUwtTEFSSU8tQUxMRS1BTkRFLUVNSUdSQU5USS1EQS1NVVNFTy1MT3JkaW5lLTE5LTA1LTIwMTkiLCJpbmRleCI6MSwicGRmSUQiOjM3Mn0\"\n\t\t\t\ttitle=\"DAL-LARIO-ALLE-ANDE-EMIGRANTI-DA-MUSEO-LOrdine-19-05-2019\"\t\t\t\tdata-pdf-id=\"372\"\n\t\t\t\tdata-pdf-index=\"1\"\n\t\t\t\tstyle=\"border:none;width:100%;max-width:100%;height:100vh;\"\n\t\t\t\tscrolling=\"yes\">\n\t\t\t<\/iframe>\n\t\t<\/div>\n\n\t\t[\/et_pb_code][\/et_pb_column][et_pb_column type=&#8221;1_4&#8243; _builder_version=&#8221;4.0.11&#8243; custom_padding=&#8221;|50px|||false|false&#8221;][et_pb_sidebar _builder_version=&#8221;4.0.11&#8243;][\/et_pb_sidebar][\/et_pb_column][\/et_pb_row][\/et_pb_section]<\/p>\n","protected":false},"excerpt":{"rendered":"<div class=\"wppdfemb-frame-container-2\" style=\"-webkit-overflow-scrolling:auto;\">\n\t\t\t<iframe class=\"pdfembed-iframe nonfullscreen wppdf-emb-iframe-2\"\n\t\t\t\tsrc=\"https:\/\/dallealpialleande.it\/es\/?pdfemb-data=eyJ1cmwiOiJodHRwczpcL1wvZGFsbGVhbHBpYWxsZWFuZGUuaXRcL3dwLWNvbnRlbnRcL3VwbG9hZHNcLzIwMjBcLzAxXC9EQUwtTEFSSU8tQUxMRS1BTkRFLUVNSUdSQU5USS1EQS1NVVNFTy1MT3JkaW5lLTE5LTA1LTIwMTkucGRmIiwidGl0bGUiOiJEQUwtTEFSSU8tQUxMRS1BTkRFLUVNSUdSQU5USS1EQS1NVVNFTy1MT3JkaW5lLTE5LTA1LTIwMTkiLCJpbmRleCI6MiwicGRmSUQiOjM3Mn0\"\n\t\t\t\ttitle=\"DAL-LARIO-ALLE-ANDE-EMIGRANTI-DA-MUSEO-LOrdine-19-05-2019\"\t\t\t\tdata-pdf-id=\"372\"\n\t\t\t\tdata-pdf-index=\"2\"\n\t\t\t\tstyle=\"border:none;width:100%;max-width:100%;height:100vh;\"\n\t\t\t\tscrolling=\"yes\">\n\t\t\t<\/iframe>\n\t\t<\/div>","protected":false},"author":1,"featured_media":0,"comment_status":"open","ping_status":"open","sticky":false,"template":"","format":"standard","meta":{"_et_pb_use_builder":"on","_et_pb_old_content":"","_et_gb_content_width":"","footnotes":""},"categories":[8],"tags":[],"class_list":["post-323","post","type-post","status-publish","format-standard","hentry","category-rassegna-stampa"],"yoast_head":"<!-- This site is optimized with the Yoast SEO plugin v28.3 - https:\/\/yoast.com\/product\/yoast-seo-wordpress\/ -->\n<title>DAL LARIO ALLE ANDE EMIGRANTI DA MUSEO L&#039;Ordine 19-05-2019 - Dalle Alpi alle Ande<\/title>\n<meta name=\"description\" content=\"La grande emigrazione, memoria da salvare In Cile le case di due famiglie originarie di Bene Lario diventano spazi musealie l\u2019Uruguay omaggia un \u201cOlivetti\u201d comascoOra un archivio tematico nascer\u00e0 anche sul lago\" \/>\n<meta name=\"robots\" content=\"index, follow, max-snippet:-1, max-image-preview:large, max-video-preview:-1\" \/>\n<link rel=\"canonical\" href=\"https:\/\/dallealpialleande.it\/es\/dal-lario-alle-ande-emigranti-da-museo-lordine-19-05-2019\/\" \/>\n<meta property=\"og:locale\" content=\"es_ES\" \/>\n<meta property=\"og:type\" content=\"article\" \/>\n<meta property=\"og:title\" content=\"DAL LARIO ALLE ANDE EMIGRANTI DA MUSEO L&#039;Ordine 19-05-2019 - Dalle Alpi alle Ande\" \/>\n<meta property=\"og:description\" content=\"La grande emigrazione, memoria da salvare In Cile le case di due famiglie originarie di Bene Lario diventano spazi musealie l\u2019Uruguay omaggia un \u201cOlivetti\u201d comascoOra un archivio tematico nascer\u00e0 anche sul lago\" \/>\n<meta property=\"og:url\" content=\"https:\/\/dallealpialleande.it\/es\/dal-lario-alle-ande-emigranti-da-museo-lordine-19-05-2019\/\" \/>\n<meta property=\"og:site_name\" content=\"Dalle Alpi alle Ande\" \/>\n<meta property=\"article:published_time\" content=\"2019-05-19T10:31:12+00:00\" \/>\n<meta property=\"article:modified_time\" content=\"2020-01-11T19:46:18+00:00\" \/>\n<meta name=\"author\" content=\"Mirna\" \/>\n<meta name=\"twitter:card\" content=\"summary_large_image\" \/>\n<meta name=\"twitter:label1\" content=\"Escrito por\" \/>\n\t<meta name=\"twitter:data1\" content=\"Mirna\" \/>\n<script type=\"application\/ld+json\" class=\"yoast-schema-graph\">{\"@context\":\"https:\\\/\\\/schema.org\",\"@graph\":[{\"@type\":\"Article\",\"@id\":\"https:\\\/\\\/dallealpialleande.it\\\/dal-lario-alle-ande-emigranti-da-museo-lordine-19-05-2019\\\/#article\",\"isPartOf\":{\"@id\":\"https:\\\/\\\/dallealpialleande.it\\\/dal-lario-alle-ande-emigranti-da-museo-lordine-19-05-2019\\\/\"},\"author\":{\"name\":\"Mirna\",\"@id\":\"https:\\\/\\\/dallealpialleande.it\\\/#\\\/schema\\\/person\\\/97e0168544862b7dddbc581c503fefbf\"},\"headline\":\"DAL LARIO ALLE ANDE EMIGRANTI DA MUSEO L&#8217;Ordine 19-05-2019\",\"datePublished\":\"2019-05-19T10:31:12+00:00\",\"dateModified\":\"2020-01-11T19:46:18+00:00\",\"mainEntityOfPage\":{\"@id\":\"https:\\\/\\\/dallealpialleande.it\\\/dal-lario-alle-ande-emigranti-da-museo-lordine-19-05-2019\\\/\"},\"wordCount\":95,\"commentCount\":0,\"articleSection\":[\"Rassegna stampa\"],\"inLanguage\":\"es-CL\",\"potentialAction\":[{\"@type\":\"CommentAction\",\"name\":\"Comment\",\"target\":[\"https:\\\/\\\/dallealpialleande.it\\\/dal-lario-alle-ande-emigranti-da-museo-lordine-19-05-2019\\\/#respond\"]}]},{\"@type\":\"WebPage\",\"@id\":\"https:\\\/\\\/dallealpialleande.it\\\/dal-lario-alle-ande-emigranti-da-museo-lordine-19-05-2019\\\/\",\"url\":\"https:\\\/\\\/dallealpialleande.it\\\/dal-lario-alle-ande-emigranti-da-museo-lordine-19-05-2019\\\/\",\"name\":\"DAL LARIO ALLE ANDE EMIGRANTI DA MUSEO L'Ordine 19-05-2019 - Dalle Alpi alle Ande\",\"isPartOf\":{\"@id\":\"https:\\\/\\\/dallealpialleande.it\\\/#website\"},\"datePublished\":\"2019-05-19T10:31:12+00:00\",\"dateModified\":\"2020-01-11T19:46:18+00:00\",\"author\":{\"@id\":\"https:\\\/\\\/dallealpialleande.it\\\/#\\\/schema\\\/person\\\/97e0168544862b7dddbc581c503fefbf\"},\"description\":\"La grande emigrazione, memoria da salvare In Cile le case di due famiglie originarie di Bene Lario diventano spazi musealie l\u2019Uruguay omaggia un \u201cOlivetti\u201d comascoOra un archivio tematico nascer\u00e0 anche sul lago\",\"breadcrumb\":{\"@id\":\"https:\\\/\\\/dallealpialleande.it\\\/dal-lario-alle-ande-emigranti-da-museo-lordine-19-05-2019\\\/#breadcrumb\"},\"inLanguage\":\"es-CL\",\"potentialAction\":[{\"@type\":\"ReadAction\",\"target\":[\"https:\\\/\\\/dallealpialleande.it\\\/dal-lario-alle-ande-emigranti-da-museo-lordine-19-05-2019\\\/\"]}]},{\"@type\":\"BreadcrumbList\",\"@id\":\"https:\\\/\\\/dallealpialleande.it\\\/dal-lario-alle-ande-emigranti-da-museo-lordine-19-05-2019\\\/#breadcrumb\",\"itemListElement\":[{\"@type\":\"ListItem\",\"position\":1,\"name\":\"Home\",\"item\":\"https:\\\/\\\/dallealpialleande.it\\\/\"},{\"@type\":\"ListItem\",\"position\":2,\"name\":\"Documenti\",\"item\":\"https:\\\/\\\/dallealpialleande.it\\\/category\\\/documenti\\\/\"},{\"@type\":\"ListItem\",\"position\":3,\"name\":\"Rassegna stampa\",\"item\":\"https:\\\/\\\/dallealpialleande.it\\\/category\\\/documenti\\\/rassegna-stampa\\\/\"},{\"@type\":\"ListItem\",\"position\":4,\"name\":\"DAL LARIO ALLE ANDE EMIGRANTI DA MUSEO L&#8217;Ordine 19-05-2019\"}]},{\"@type\":\"WebSite\",\"@id\":\"https:\\\/\\\/dallealpialleande.it\\\/#website\",\"url\":\"https:\\\/\\\/dallealpialleande.it\\\/\",\"name\":\"Dalle Alpi alle Ande\",\"description\":\"Bene Lario,  un paese tra due mondi\",\"potentialAction\":[{\"@type\":\"SearchAction\",\"target\":{\"@type\":\"EntryPoint\",\"urlTemplate\":\"https:\\\/\\\/dallealpialleande.it\\\/?s={search_term_string}\"},\"query-input\":{\"@type\":\"PropertyValueSpecification\",\"valueRequired\":true,\"valueName\":\"search_term_string\"}}],\"inLanguage\":\"es-CL\"},{\"@type\":\"Person\",\"@id\":\"https:\\\/\\\/dallealpialleande.it\\\/#\\\/schema\\\/person\\\/97e0168544862b7dddbc581c503fefbf\",\"name\":\"Mirna\",\"image\":{\"@type\":\"ImageObject\",\"inLanguage\":\"es-CL\",\"@id\":\"https:\\\/\\\/secure.gravatar.com\\\/avatar\\\/56ce8c44c4d29959072c1d53eb6e39c07df97b1d2e00233ddc1bc53c3380140e?s=96&d=mm&r=g\",\"url\":\"https:\\\/\\\/secure.gravatar.com\\\/avatar\\\/56ce8c44c4d29959072c1d53eb6e39c07df97b1d2e00233ddc1bc53c3380140e?s=96&d=mm&r=g\",\"contentUrl\":\"https:\\\/\\\/secure.gravatar.com\\\/avatar\\\/56ce8c44c4d29959072c1d53eb6e39c07df97b1d2e00233ddc1bc53c3380140e?s=96&d=mm&r=g\",\"caption\":\"Mirna\"},\"url\":\"https:\\\/\\\/dallealpialleande.it\\\/es\\\/author\\\/mirna\\\/\"}]}<\/script>\n<!-- \/ Yoast SEO plugin. -->","yoast_head_json":{"title":"Del Lario a los Andes: emigrantes de museo L'Ordine 19-05-2019 - De los Alpes a los Andes","description":"La gran emigraci\u00f3n, memoria por rescatar En Chile las casas de dos familias originarias de Bene Lario se convierten en espacios muse\u00edsticos y Uruguay homenajea a un \u201cOlivetti\u201d de Como Ahora nacer\u00e1 tambi\u00e9n un archivo tem\u00e1tico en el lago","robots":{"index":"index","follow":"follow","max-snippet":"max-snippet:-1","max-image-preview":"max-image-preview:large","max-video-preview":"max-video-preview:-1"},"canonical":"https:\/\/dallealpialleande.it\/es\/dal-lario-alle-ande-emigranti-da-museo-lordine-19-05-2019\/","og_locale":"es_ES","og_type":"article","og_title":"DAL LARIO ALLE ANDE EMIGRANTI DA MUSEO L'Ordine 19-05-2019 - Dalle Alpi alle Ande","og_description":"La grande emigrazione, memoria da salvare In Cile le case di due famiglie originarie di Bene Lario diventano spazi musealie l\u2019Uruguay omaggia un \u201cOlivetti\u201d comascoOra un archivio tematico nascer\u00e0 anche sul lago","og_url":"https:\/\/dallealpialleande.it\/es\/dal-lario-alle-ande-emigranti-da-museo-lordine-19-05-2019\/","og_site_name":"Dalle Alpi alle Ande","article_published_time":"2019-05-19T10:31:12+00:00","article_modified_time":"2020-01-11T19:46:18+00:00","author":"Mirna","twitter_card":"summary_large_image","twitter_misc":{"Escrito por":"Mirna"},"schema":{"@context":"https:\/\/schema.org","@graph":[{"@type":"Article","@id":"https:\/\/dallealpialleande.it\/dal-lario-alle-ande-emigranti-da-museo-lordine-19-05-2019\/#article","isPartOf":{"@id":"https:\/\/dallealpialleande.it\/dal-lario-alle-ande-emigranti-da-museo-lordine-19-05-2019\/"},"author":{"name":"Mirna","@id":"https:\/\/dallealpialleande.it\/#\/schema\/person\/97e0168544862b7dddbc581c503fefbf"},"headline":"DAL LARIO ALLE ANDE EMIGRANTI DA MUSEO L&#8217;Ordine 19-05-2019","datePublished":"2019-05-19T10:31:12+00:00","dateModified":"2020-01-11T19:46:18+00:00","mainEntityOfPage":{"@id":"https:\/\/dallealpialleande.it\/dal-lario-alle-ande-emigranti-da-museo-lordine-19-05-2019\/"},"wordCount":95,"commentCount":0,"articleSection":["Rassegna stampa"],"inLanguage":"es-CL","potentialAction":[{"@type":"CommentAction","name":"Comment","target":["https:\/\/dallealpialleande.it\/dal-lario-alle-ande-emigranti-da-museo-lordine-19-05-2019\/#respond"]}]},{"@type":"WebPage","@id":"https:\/\/dallealpialleande.it\/dal-lario-alle-ande-emigranti-da-museo-lordine-19-05-2019\/","url":"https:\/\/dallealpialleande.it\/dal-lario-alle-ande-emigranti-da-museo-lordine-19-05-2019\/","name":"Del Lario a los Andes: emigrantes de museo L'Ordine 19-05-2019 - De los Alpes a los Andes","isPartOf":{"@id":"https:\/\/dallealpialleande.it\/#website"},"datePublished":"2019-05-19T10:31:12+00:00","dateModified":"2020-01-11T19:46:18+00:00","author":{"@id":"https:\/\/dallealpialleande.it\/#\/schema\/person\/97e0168544862b7dddbc581c503fefbf"},"description":"La gran emigraci\u00f3n, memoria por rescatar En Chile las casas de dos familias originarias de Bene Lario se convierten en espacios muse\u00edsticos y Uruguay homenajea a un \u201cOlivetti\u201d de Como Ahora nacer\u00e1 tambi\u00e9n un archivo tem\u00e1tico en el lago","breadcrumb":{"@id":"https:\/\/dallealpialleande.it\/dal-lario-alle-ande-emigranti-da-museo-lordine-19-05-2019\/#breadcrumb"},"inLanguage":"es-CL","potentialAction":[{"@type":"ReadAction","target":["https:\/\/dallealpialleande.it\/dal-lario-alle-ande-emigranti-da-museo-lordine-19-05-2019\/"]}]},{"@type":"BreadcrumbList","@id":"https:\/\/dallealpialleande.it\/dal-lario-alle-ande-emigranti-da-museo-lordine-19-05-2019\/#breadcrumb","itemListElement":[{"@type":"ListItem","position":1,"name":"Home","item":"https:\/\/dallealpialleande.it\/"},{"@type":"ListItem","position":2,"name":"Documenti","item":"https:\/\/dallealpialleande.it\/category\/documenti\/"},{"@type":"ListItem","position":3,"name":"Rassegna stampa","item":"https:\/\/dallealpialleande.it\/category\/documenti\/rassegna-stampa\/"},{"@type":"ListItem","position":4,"name":"DAL LARIO ALLE ANDE EMIGRANTI DA MUSEO L&#8217;Ordine 19-05-2019"}]},{"@type":"WebSite","@id":"https:\/\/dallealpialleande.it\/#website","url":"https:\/\/dallealpialleande.it\/","name":"De los Alpes a los Andes","description":"Bene Lario, un pa\u00eds entre dos mundos","potentialAction":[{"@type":"SearchAction","target":{"@type":"EntryPoint","urlTemplate":"https:\/\/dallealpialleande.it\/?s={search_term_string}"},"query-input":{"@type":"PropertyValueSpecification","valueRequired":true,"valueName":"search_term_string"}}],"inLanguage":"es-CL"},{"@type":"Person","@id":"https:\/\/dallealpialleande.it\/#\/schema\/person\/97e0168544862b7dddbc581c503fefbf","name":"Mirna","image":{"@type":"ImageObject","inLanguage":"es-CL","@id":"https:\/\/secure.gravatar.com\/avatar\/56ce8c44c4d29959072c1d53eb6e39c07df97b1d2e00233ddc1bc53c3380140e?s=96&d=mm&r=g","url":"https:\/\/secure.gravatar.com\/avatar\/56ce8c44c4d29959072c1d53eb6e39c07df97b1d2e00233ddc1bc53c3380140e?s=96&d=mm&r=g","contentUrl":"https:\/\/secure.gravatar.com\/avatar\/56ce8c44c4d29959072c1d53eb6e39c07df97b1d2e00233ddc1bc53c3380140e?s=96&d=mm&r=g","caption":"Mirna"},"url":"https:\/\/dallealpialleande.it\/es\/author\/mirna\/"}]}},"_links":{"self":[{"href":"https:\/\/dallealpialleande.it\/es\/wp-json\/wp\/v2\/posts\/323","targetHints":{"allow":["GET"]}}],"collection":[{"href":"https:\/\/dallealpialleande.it\/es\/wp-json\/wp\/v2\/posts"}],"about":[{"href":"https:\/\/dallealpialleande.it\/es\/wp-json\/wp\/v2\/types\/post"}],"author":[{"embeddable":true,"href":"https:\/\/dallealpialleande.it\/es\/wp-json\/wp\/v2\/users\/1"}],"replies":[{"embeddable":true,"href":"https:\/\/dallealpialleande.it\/es\/wp-json\/wp\/v2\/comments?post=323"}],"version-history":[{"count":5,"href":"https:\/\/dallealpialleande.it\/es\/wp-json\/wp\/v2\/posts\/323\/revisions"}],"predecessor-version":[{"id":373,"href":"https:\/\/dallealpialleande.it\/es\/wp-json\/wp\/v2\/posts\/323\/revisions\/373"}],"wp:attachment":[{"href":"https:\/\/dallealpialleande.it\/es\/wp-json\/wp\/v2\/media?parent=323"}],"wp:term":[{"taxonomy":"category","embeddable":true,"href":"https:\/\/dallealpialleande.it\/es\/wp-json\/wp\/v2\/categories?post=323"},{"taxonomy":"post_tag","embeddable":true,"href":"https:\/\/dallealpialleande.it\/es\/wp-json\/wp\/v2\/tags?post=323"}],"curies":[{"name":"wp","href":"https:\/\/api.w.org\/{rel}","templated":true}]}}